{"id":1074,"date":"2019-06-18T11:07:39","date_gmt":"2019-06-18T10:07:39","guid":{"rendered":"https:\/\/www.smartbamboo.es\/la-gala-de-lliurament-dels-xiii-premis-gaudi-gresol-brilla-a-reus\/"},"modified":"2019-06-18T15:45:15","modified_gmt":"2019-06-18T14:45:15","slug":"la-gala-de-lliurament-dels-xiii-premis-gaudi-gresol-brilla-a-reus","status":"publish","type":"post","link":"https:\/\/www.smartbamboo.es\/es\/la-gala-de-lliurament-dels-xiii-premis-gaudi-gresol-brilla-a-reus\/","title":{"rendered":"La gala de entrega de los XIII Premios Gaud\u00ed Gresol brilla en Reus"},"content":{"rendered":"<h3 style=\"text-align: center;\">Juan A. Samaranch, Tricicle, Jordi Faul\u00ed, Samanta Villar, Oriol Tarrag\u00f3 o<br \/>\nV\u00edctor Amela, entre los galardonados de los XIII Premios Gaud\u00ed Gresol<\/h3>\n<p>&nbsp;<\/p>\n<h3 style=\"text-align: center;\">Bamboo Comunicaci\u00f3n ha formado parte del equipo de organizaci\u00f3n<br \/>\ndesempe\u00f1ando labores de Prensa, Comunicaci\u00f3n y Relaciones P\u00fablicas<\/h3>\n<p>&nbsp;<\/p>\n<p><strong>Reus. 13 de junio.<\/strong> La <a href=\"http:\/\/gresol.org\">Fundaci\u00f3n Gresol<\/a> ha celebrado hoy en Reus, con una multitudinaria participaci\u00f3n de representantes de todos los \u00e1mbitos del territorio, la gala de entrega de la decimotercera edici\u00f3n de los Premios Gaud\u00ed Gresol a la Notoriedad y la Excelencia. La cita, que cuenta con el apoyo del <a href=\"http:\/\/www.reus.cat\/\">Ayuntamiento de Reus<\/a> y destaca cada a\u00f1o com uno de los grandes referentes socioecon\u00f3micos y culturales de la provincia de Tarragona, ha reunido esta noche a 400 personas en las instalaciones del auditorio Gaud\u00ed del <a href=\"http:\/\/www.firareus.com\/\">Tecnoparc firaReus<\/a>. <a href=\"https:\/\/www.smartbamboo.es\/serveis\/\">Bamboo Comunicaci\u00f3n<\/a> ha tenido el placer de formar parte del equipo de organizaci\u00f3n de este evento desempe\u00f1ando labores de Prensa, Comunicaci\u00f3n i Relacions P\u00fablicas.<\/p>\n<p>&nbsp;<\/p>\n<div id=\"attachment_1062\" style=\"width: 872px\" class=\"wp-caption aligncenter\"><img loading=\"lazy\" decoding=\"async\" aria-describedby=\"caption-attachment-1062\" class=\" wp-image-1062\" src=\"https:\/\/www.smartbamboo.es\/wp-content\/uploads\/2019\/06\/Robert-Danae-SamantaVillar.jpg\" alt=\"\" width=\"862\" height=\"647\" srcset=\"https:\/\/www.smartbamboo.es\/wp-content\/uploads\/2019\/06\/Robert-Danae-SamantaVillar.jpg 1024w, https:\/\/www.smartbamboo.es\/wp-content\/uploads\/2019\/06\/Robert-Danae-SamantaVillar-300x225.jpg 300w, https:\/\/www.smartbamboo.es\/wp-content\/uploads\/2019\/06\/Robert-Danae-SamantaVillar-768x576.jpg 768w, https:\/\/www.smartbamboo.es\/wp-content\/uploads\/2019\/06\/Robert-Danae-SamantaVillar-195x146.jpg 195w, https:\/\/www.smartbamboo.es\/wp-content\/uploads\/2019\/06\/Robert-Danae-SamantaVillar-50x38.jpg 50w, https:\/\/www.smartbamboo.es\/wp-content\/uploads\/2019\/06\/Robert-Danae-SamantaVillar-187x140.jpg 187w, https:\/\/www.smartbamboo.es\/wp-content\/uploads\/2019\/06\/Robert-Danae-SamantaVillar-960x720.jpg 960w, https:\/\/www.smartbamboo.es\/wp-content\/uploads\/2019\/06\/Robert-Danae-SamantaVillar-600x450.jpg 600w\" sizes=\"(max-width:767px) 480px, (max-width:862px) 100vw, 862px\" \/><p id=\"caption-attachment-1062\" class=\"wp-caption-text\">El director de Bamboo Comunicaci\u00f3n y director gerente de la Fundaci\u00f3n Gresol, Robert Moragues, con Samanta Villar y Danae Boronat<\/p><\/div>\n<p>&nbsp;<\/p>\n<p>El acto de entrega, presentado per la periodista tarraconense <a href=\"https:\/\/twitter.com\/danaeboronat?lang=ca\">Danae Boronat<\/a>, ha precedido la tradicional cena ben\u00e9fica que acompa\u00f1a esta ceremonia, y que este a\u00f1o ha recaudado fondos en favor de los enfermos de alzh\u00e9imer, a trav\u00e9s de la <a href=\"https:\/\/frosamariavivar.org\/\">Fundaci\u00f3n Rosa Mar\u00eda Vivar.<\/a><\/p>\n<p>Los Premios Gaud\u00ed Gresol a la Notoriedad y la Excelencia, promovidos por la Fundaci\u00f3n Gresol en colaboraci\u00f3n con el Ayuntamiento de Reus, tienen como finalidad reconocer la labor de personas, entidades y organismos que sobresalen en diferentes disciplinas profesionales, como la cient\u00edfica y medioambiental, la econ\u00f3mica y empresarial, la literaria y period\u00edstica, la audiovisual, la cultural o la arquitect\u00f3nica, entre otras. Adem\u00e1s, dedica una de sus distinciones a poner en valor la trayectoria de un reusense ilustre.<\/p>\n<p><img loading=\"lazy\" decoding=\"async\" class=\" wp-image-1064 aligncenter\" src=\"https:\/\/www.smartbamboo.es\/wp-content\/uploads\/2019\/06\/gaudigresol2019-1-co\u0300pia.jpg\" alt=\"\" width=\"848\" height=\"565\" srcset=\"https:\/\/www.smartbamboo.es\/wp-content\/uploads\/2019\/06\/gaudigresol2019-1-co\u0300pia.jpg 1280w, https:\/\/www.smartbamboo.es\/wp-content\/uploads\/2019\/06\/gaudigresol2019-1-co\u0300pia-300x200.jpg 300w, https:\/\/www.smartbamboo.es\/wp-content\/uploads\/2019\/06\/gaudigresol2019-1-co\u0300pia-768x512.jpg 768w, https:\/\/www.smartbamboo.es\/wp-content\/uploads\/2019\/06\/gaudigresol2019-1-co\u0300pia-1024x682.jpg 1024w, https:\/\/www.smartbamboo.es\/wp-content\/uploads\/2019\/06\/gaudigresol2019-1-co\u0300pia-219x146.jpg 219w, https:\/\/www.smartbamboo.es\/wp-content\/uploads\/2019\/06\/gaudigresol2019-1-co\u0300pia-50x33.jpg 50w, https:\/\/www.smartbamboo.es\/wp-content\/uploads\/2019\/06\/gaudigresol2019-1-co\u0300pia-210x140.jpg 210w, https:\/\/www.smartbamboo.es\/wp-content\/uploads\/2019\/06\/gaudigresol2019-1-co\u0300pia-600x400.jpg 600w\" sizes=\"(max-width:767px) 480px, (max-width:848px) 100vw, 848px\" \/><\/p>\n<p>&nbsp;<\/p>\n<p>Los galardones reciben a\u00f1o tras a\u00f1o el apoyo de un importante n\u00famero de representantes de todos los sectores de la sociedad civil de nuestras comarcas. La edici\u00f3n de 2019 ha vuelto a resultar un gran \u00e9xito, con la presencia de personalidades de todos los \u00e1mbitos, desde el pol\u00edtico y empresarial al educativo, administrativo, cultural, deportivo y social en general.<\/p>\n<p>La gala de los XIII Premios Gaud\u00ed Gresol y la posterior cena ben\u00e9fica se han celebrado entre las 20 y las 23.30 hores. Previamente, todos los galardonados han firmado en el Libro de Oro de la Fundaci\u00f3n Gresol.<\/p>\n<p><strong>Los premiados de la decimotercera edici\u00f3n son:<\/strong><\/p>\n<ul>\n<li>\n<h5>Jordi Faul\u00ed (Arquitectura)<\/h5>\n<\/li>\n<li>\n<h5>Inma Shara (M\u00fasica)<\/h5>\n<\/li>\n<li>\n<h5>Borja Corc\u00f3stegui (Medicina)<\/h5>\n<\/li>\n<li>\n<h5>V\u00edctor Amela (Literatura)<\/h5>\n<\/li>\n<li>\n<h5>Juan A. Samaranch (Deporte)<\/h5>\n<\/li>\n<li>\n<h5>Samanta Villar (Periodismo)<\/h5>\n<\/li>\n<li>\n<h5>Sergi Ferrer-Salat (Medio Ambiente)<\/h5>\n<\/li>\n<li>\n<h5>Tricicle (Teatro)<\/h5>\n<\/li>\n<li>\n<h5>Irene Montal\u00e0 (Televisi\u00f3n)<\/h5>\n<\/li>\n<li>\n<h5>Oriol Tarrag\u00f3 (Reusenc Il\u00b7lustre)<\/h5>\n<\/li>\n<\/ul>\n<p><strong>Personalidades asistentes<\/strong><\/p>\n<p>Todos los premiados, a excepci\u00f3n de Sergi Ferrer-Salat, han asistido a la gala y han recogido personalmente el galard\u00f3n, que consiste en un busto de Gaud\u00ed del escultor Joan Matamala. As\u00ed mismo, han compartido velada y cena con todos los asistentes, entre los que hab\u00eda destacadas personalidades. Algunes de ellas se han encargado de entregar los galardones. Se trata del presidente de la Fundaci\u00f3n Gresol, Emili Correig; el presidente de honor de la Fundaci\u00f3n Gresol, Anton Pont; el diputado delegado de Recursos Humanos, Empleo y Emprendedur\u00eda de la <a href=\"https:\/\/www.dipta.cat\/ca\">Diputaci\u00f3n de Tarragona<\/a>, Joan Josep Malr\u00e0s; el presidente del <a href=\"https:\/\/www.porttarragona.cat\/ca\/\">Port de Tarragona<\/a>, Josep Maria Cruset; el concejal de Promoci\u00f3n Econ\u00f3mica en funciones del Ayuntamiento de Reus, Marc Arza; el director comercial en Catalunya de <a href=\"https:\/\/www.bancosantander.es\/es\/particulares\">Banco Santander<\/a>, Eduard Mir\u00f3; Javier R\u00edos, en representaci\u00f3n de <a href=\"https:\/\/www.memora.es\/\">M\u00e9mora Serveis Funeraris<\/a>; el director del <a href=\"https:\/\/www.diaridetarragona.com\/\">Diari de Tarragona<\/a>, Josep Ramon Correal; el consultor, empresario y socio fundador de <a href=\"https:\/\/www.aquienergia.com\/\">Aqu\u00ed Energia<\/a>, Ramon Vallverd\u00fa, y la directora de<a href=\"https:\/\/www.jeanleon.com\/ca\/\"> Jean Leon<\/a> y directora de Innovaci\u00f3n y Conocimiento de <a href=\"https:\/\/www.torres.es\/ca\/inici\">Fam\u00edlia Torres<\/a>, Mireia Torres.<\/p>\n<p>Entre los premiados en ediciones pasadas figuran personalidades tan relevantes como Pau Gasol, Valent\u00ed Fuster, Luis del Olmo, Ferran Adri\u00e0, Juan A. Samaranch i Torell\u00f3, Isidre Fain\u00e9, Carles Sent\u00eds, Eduard Punset, Antoni Brufau, Merc\u00e8 Sampietro, Joan Roca, Carme Ruscalleda, Anna Ferrer, Maribel Verd\u00fa, Elena Arzak, Josep M. Pou, Marc M\u00e1rquez, Jordi Cruz, Joan Pera, Manel Fuentes, Josep M. Mainat, Ildefonso Falcones, Mar\u00eda Blasco o Rafael Matesanz, entre otros.<\/p>\n<p>&nbsp;<\/p>\n<p><strong>Galardonados 2019 (Breve semblanza)<\/strong><\/p>\n<p>&nbsp;<\/p>\n<ul>\n<li>ARQUITECTURA: <strong>JORDI FAUL\u00cd<\/strong><\/li>\n<\/ul>\n<p>Arquitecto director y coordinador de las obras de la Sagrada Familia desde 2012. Acad\u00e9mico numerario de la Real Academia Catalana de Bellas Artes de Sant Jordi. Ha sido miembro del comit\u00e9 cient\u00edfico de varias exposiciones dedicadas a la figura de Gaud\u00ed. Ha realizado varias publicaciones y art\u00edculos relacionados con la Bas\u00edlica, as\u00ed como conferencias en diferentes ciudades del mundo sobre Gaud\u00ed y la Sagrada Familia. Premio Ciudad de Barcelona 2010 Arquitectura y Urbanismo, por la ejecuci\u00f3n de las naves del Temple proyectadas por Gaud\u00ed.<\/p>\n<p>&nbsp;<\/p>\n<ul>\n<li>M\u00daSICA: <strong>INMA SHARA<\/strong><\/li>\n<\/ul>\n<p>Directora de orquesta. Empez\u00f3 con la m\u00fasica cuando solo ten\u00eda 4 a\u00f1os y a los 16 se decant\u00f3 por la batuta. Debut\u00f3 como directora de orquesta con 27 a\u00f1os. El 2008 fue la primera mujer que dirigi\u00f3 un concierto en el Vaticano, ante 7.000 personas y el papa Benedicto XVI, con motivo del 60\u00ba cumplea\u00f1os de la Declaraci\u00f3n Universal de los Derechos Humanos. Ha sido galardonada con el premio a la Excelencia Europea por su proyecci\u00f3n internacional y su aportaci\u00f3n a la m\u00fasica cl\u00e1sica. Recientemente ha publicado el libro \u2018La Batuta Invisible\u2019, dirigido al tejido empresarial. Tambi\u00e9n imparte conferencias sobre liderazgo, gesti\u00f3n de equipos y motivaci\u00f3n.<\/p>\n<p>&nbsp;<\/p>\n<ul>\n<li>MEDICINA: <strong>BORJA CORC\u00d3STEGUI<\/strong><\/li>\n<\/ul>\n<p>Director m\u00e9dico y cofundador del Instituto de Microcirug\u00eda Ocular de Barcelona. M\u00e9dico cirujano y oftalm\u00f3logo especialista en retina. Lidera el ranking de los especialistas en oftalmolog\u00eda con m\u00e1s buena reputaci\u00f3n de Espa\u00f1a, seg\u00fan el primer Monitor de Reputaci\u00f3n Sanitaria (MRS). Es pionero en la introducci\u00f3n y el desarrollo de la vitrectom\u00eda en Europa y precursor en la uni\u00f3n de la investigaci\u00f3n cl\u00ednica y gen\u00e9tica de retina. Es Acad\u00e9mico Numerario de la Real Academia de Medicina de Catalu\u00f1a. Ha recibido premios como el <em>Pohl Lecture<\/em> (2005) o Protagonistas (2010).<\/p>\n<p>&nbsp;<\/p>\n<ul>\n<li>LITERATURA: <strong>V\u00cdCTOR AMELA<\/strong><\/li>\n<\/ul>\n<p>Periodista y escritor, colabora en varios medios de comunicaci\u00f3n y actualmente presenta el programa \u2018Lo has visto!?\u2019 en TVE Catalu\u00f1a. Desde 1984 firma en \u2018La Vanguardia\u2019 y se autodefine el decano de la cr\u00edtica televisiva en la prensa espa\u00f1ola. Es cocreador de \u2018la contra\u2019 de \u2018La Vanguardia\u2019, donde lleva 2.200 entrevistas publicadas. Ha publicado cuatro novelas, adem\u00e1s de otros libros: <em>El c\u00e1taro imperfecto <\/em>(2013), <em>Amor contra Roma<\/em> (2014), <em>La hija del capit\u00e1n Amarillo<\/em> (premio Ramon Llull 2016) y, recientemente, <em>Yo pude salvar a Lorca<\/em> (2019).<\/p>\n<p>&nbsp;<\/p>\n<ul>\n<li>ESPORT: <strong>JUAN A. SAMARANCH<\/strong><\/li>\n<\/ul>\n<p>Vicepresidente primero del Comit\u00e9 Ol\u00edmpico Internacional y miembro del Comit\u00e9 Ol\u00edmpico Espa\u00f1ol. Tambi\u00e9n es vicepresidente de la Uni\u00f3n Internacional de Pentatl\u00f3n Moderno y presidente del consejo del <em>Olympic Channel Services, S.L<\/em>. En su actividad profesional privada es CEO y socio fundador de GBS Finanzas. Tambi\u00e9n es vicepresidente del Real Autom\u00f3vil Club de Catalu\u00f1a y presidente del Comit\u00e9 Organizador del <em>Summit Shopping Tourism &amp; Economy<\/em> de Madrid.<\/p>\n<p>&nbsp;<\/p>\n<ul>\n<li>PERIODISMO: <strong>SAMANTA VILLAR<\/strong><\/li>\n<\/ul>\n<p>Periodista. Su trayectoria profesional empieza en TV3 como ayudante de realizaci\u00f3n. M\u00e1s tarde, se incorpora a los informativos territoriales de TVE Catalu\u00f1a como presentadora durante seis a\u00f1os. El 2005 ficha por Espa\u00f1a Directo, donde se estrena como reportera. El 2009 consigui\u00f3 la fama en la peque\u00f1a pantalla con el programa \u201821 d\u00edas\u2019 de Cuatro, cadena donde despu\u00e9s continu\u00f3 su carrera con otros proyectos: \u2018Conexi\u00f3n Samanta\u2019 y \u20189 mesas cono Samanta\u2019. Tambi\u00e9n hemos podido verla en \u2018Samanta y&#8230;\u2019. Este 2019 ha estrenado \u2018La vida con Samanta\u2019, continuando la tendencia de sus programas de telerrealidad y entrevistas tanto con celebridades como personajes singulares, invit\u00e1ndolos a su casa.<\/p>\n<p>&nbsp;<\/p>\n<ul>\n<li>MEDIO AMBIENTE: <strong>SERGI FERRER-SALAT<\/strong><\/li>\n<\/ul>\n<p>President de Ferrer. Tambi\u00e9n es fundador y propietario de la bodega Ferrer Bobet y Monv\u00ednic. Presidente de la Fundaci\u00f3n del Conservatorio del Liceo. Es miembro del CADS (Consejo Asesor para el Desarrollo Sostenible) de la Generalitat y exdirector de la Comisi\u00f3n de Sostenibilidad Medioambiental del Plan Estrat\u00e9gico Metropolitano de Barcelona 2020. Desde Ferrer, en 2015 pusieron en marcha la Estrategia de Sostenibilidad <em>Our Planet, Our Life<\/em>, que engloba cinco l\u00edneas estrat\u00e9gicas: gesti\u00f3n sostenible de los recursos naturales, mitigaci\u00f3n y adaptaci\u00f3n al cambio clim\u00e1tico, preservaci\u00f3n de la biodiversidad, ecoinnovaci\u00f3n y desarrollo sostenible, y sensibilizaci\u00f3n y capacitaci\u00f3n ambiental.<\/p>\n<p><strong>\u00a0<\/strong><\/p>\n<ul>\n<li>TEATRO: <strong>TRICICLE<\/strong><\/li>\n<\/ul>\n<p>Carles Sans, Joan Gr\u00e0cia y Paco Mir son \u00fanicos por su manera de hacer re\u00edr, basada en el humor gestual. Tricicle, que cumplir\u00e1 este a\u00f1o 40 a\u00f1os de trayectoria, es la \u00fanica compa\u00f1\u00eda teatral de Espa\u00f1a en la cual sus fundadores contin\u00faan en activo ejerciendo de actores. Cada espect\u00e1culo suyo est\u00e1 de gira unos 4 a\u00f1os, y han creado 10 obras. Su \u00faltima, \u2018Hits\u2019, un \u2018grandes \u00e9xitos\u2019, significa la gira de despedida. Acabar\u00e1 en 2020 y, naturalmente, ha generado un gran inter\u00e9s por parte del p\u00fablico. Tricicle ha actuado por todo el mundo. Su humor es internacional y se ha convertido en un referente. Ha estado presente tambi\u00e9n en los \u00e1mbitos del cine, la televisi\u00f3n, la publicidad&#8230; Y han producido y dirigido espect\u00e1culos que han llevado la calidad y el sello inconfundible de Tricicle.<\/p>\n<p><strong>\u00a0<\/strong><\/p>\n<ul>\n<li>TELEVISI\u00d3N: <strong>IRENE MONTAL\u00c0<\/strong><\/li>\n<\/ul>\n<p>La carrera de Irene Montal\u00e0 es propia de una actriz de fondo que nunca se ha dejado seducir por las cosas f\u00e1ciles. Forjada en el circuito del teatro catal\u00e1n, hace 25 a\u00f1os vivi\u00f3 su primera gran oportunidad gracias a \u2018Poble Nou\u2019, la m\u00edtica serie de TV3. A partir de aqu\u00ed empez\u00f3 una carrera fulgurante en cine y televisi\u00f3n que la ha llevado a rodar en proyectos tan importantes como \u2018Cu\u00e9ntame c\u00f3mo pas\u00f3\u2019 (2004), \u2018Herederos\u2019 o, sobre todo, donde realmente se dio a conocer y obtuvo popularidad fue a la serie de Antena 3 \u2018El internado\u2019 (2009) y \u2018El barco\u2019 (2010-2013), que se convirti\u00f3 en un fen\u00f3meno en medio mundo. Su larga carrera como actriz fue reconocida en 2004 con el premio Cartelera Turia a la Actriz Revelaci\u00f3n por la pel\u00edcula \u2018Nubes de verano\u2019. Este a\u00f1o ha participado en tres de los proyectos m\u00e1s notables de la televisi\u00f3n: \u2018La Verdad\u2019, de Telecinco, \u2018Presunto culpable\u2019, de Antena 3, o \u2018F\u00e9lix\u2019, de Movistar Plus.<\/p>\n<p>&nbsp;<\/p>\n<ul>\n<li>REUSENC IL\u00b7LUSTRE: <strong>ORIOL TARRAG\u00d3<\/strong><\/li>\n<\/ul>\n<p>Dise\u00f1ador de sonido. Nacido en Reus en el seno de una familia de arquitectos, dej\u00f3 de lado la tradici\u00f3n familiar por una trayectoria que le permitiera igualmente explorar su creatividad y estudi\u00f3 en la Escuela Superior de Cine y Audiovisuales de Catalu\u00f1a (ESCAC). Despu\u00e9s de fundar en Barcelona su estudio, empez\u00f3 a colaborar con directores como Jaume Balaguer\u00f3 o Juan Antonio Bayona. Ha dise\u00f1ado el sonido de muchos largometrajes como \u2018[Rec]\u2019 (2007), \u2018El orfanato\u2019 (2007), \u2018Lo imposible\u2019 (2012), \u2018Enemy\u2019 (2013), \u2018El Ni\u00f1o\u2019 (2014), \u2018Penny Dreadful\u2019 (2014), \u2018Crimson Peak\u2019 (2015) o \u2018Jurassic World: Fallan Kingdom\u2019 (2018). Ha sido galardonado con siete premios Gaud\u00ed, cuatro premios Goya y una Bobina de Oro (premio otorgado por la Asociaci\u00f3n Norteamericana de Montadores de Sonido) por \u2018El orfanato\u2019.<\/p>\n<p>&nbsp;<\/p>\n<p><strong>\u00a0<\/strong><\/p>\n","protected":false},"excerpt":{"rendered":"<p>Juan A. Samaranch, Tricicle, Jordi Faul\u00ed, Samanta Villar, Oriol Tarrag\u00f3 o V\u00edctor Amela, entre los galardonados de los XIII Premios Gaud\u00ed Gresol &nbsp; Bamboo Comunicaci\u00f3n ha<span class=\"excerpt-hellip\"> [\u2026]<\/span><\/p>\n","protected":false},"author":2,"featured_media":1061,"comment_status":"open","ping_status":"open","sticky":false,"template":"","format":"standard","meta":{"footnotes":""},"categories":[1],"tags":[13,70,71,151,152,153],"_links":{"self":[{"href":"https:\/\/www.smartbamboo.es\/es\/wp-json\/wp\/v2\/posts\/1074"}],"collection":[{"href":"https:\/\/www.smartbamboo.es\/es\/wp-json\/wp\/v2\/posts"}],"about":[{"href":"https:\/\/www.smartbamboo.es\/es\/wp-json\/wp\/v2\/types\/post"}],"author":[{"embeddable":true,"href":"https:\/\/www.smartbamboo.es\/es\/wp-json\/wp\/v2\/users\/2"}],"replies":[{"embeddable":true,"href":"https:\/\/www.smartbamboo.es\/es\/wp-json\/wp\/v2\/comments?post=1074"}],"version-history":[{"count":4,"href":"https:\/\/www.smartbamboo.es\/es\/wp-json\/wp\/v2\/posts\/1074\/revisions"}],"predecessor-version":[{"id":1079,"href":"https:\/\/www.smartbamboo.es\/es\/wp-json\/wp\/v2\/posts\/1074\/revisions\/1079"}],"wp:featuredmedia":[{"embeddable":true,"href":"https:\/\/www.smartbamboo.es\/es\/wp-json\/wp\/v2\/media\/1061"}],"wp:attachment":[{"href":"https:\/\/www.smartbamboo.es\/es\/wp-json\/wp\/v2\/media?parent=1074"}],"wp:term":[{"taxonomy":"category","embeddable":true,"href":"https:\/\/www.smartbamboo.es\/es\/wp-json\/wp\/v2\/categories?post=1074"},{"taxonomy":"post_tag","embeddable":true,"href":"https:\/\/www.smartbamboo.es\/es\/wp-json\/wp\/v2\/tags?post=1074"}],"curies":[{"name":"wp","href":"https:\/\/api.w.org\/{rel}","templated":true}]}}