{"id":520,"date":"2018-06-13T12:51:14","date_gmt":"2018-06-13T11:51:14","guid":{"rendered":"https:\/\/www.smartbamboo.es\/xii-premis-gaudi-gresol\/"},"modified":"2018-06-15T10:31:09","modified_gmt":"2018-06-15T09:31:09","slug":"xii-premis-gaudi-gresol","status":"publish","type":"post","link":"https:\/\/www.smartbamboo.es\/es\/xii-premis-gaudi-gresol\/","title":{"rendered":"Mar\u00eda Blasco, Rafael Matesanz, Carlos Latre, Risto Mejide y Mireia Torres, entre los premiados de los XII Gaud\u00ed Gresol"},"content":{"rendered":"<h2 style=\"text-align: center;\">M\u00e1s de 400 personas asisten a la Gala de la<br \/>\nFundaci\u00f3n Gresol, convertida en todo un<br \/>\nreferente tras alcanzar ya su duod\u00e9cima edici\u00f3n<\/h2>\n<h4 style=\"text-align: center;\">Bamboo refuerza las labores de comunicaci\u00f3n de uno de los<br \/>\ngrandes acontecimientos del a\u00f1o en la provincia de Tarragona<\/h4>\n<div id=\"attachment_531\" style=\"width: 1034px\" class=\"wp-caption aligncenter\"><img loading=\"lazy\" decoding=\"async\" aria-describedby=\"caption-attachment-531\" class=\"size-large wp-image-531\" src=\"https:\/\/www.smartbamboo.es\/wp-content\/uploads\/2018\/06\/risto.jpg\" alt=\"\" width=\"1024\" height=\"576\" srcset=\"https:\/\/www.smartbamboo.es\/wp-content\/uploads\/2018\/06\/risto.jpg 3264w, https:\/\/www.smartbamboo.es\/wp-content\/uploads\/2018\/06\/risto-300x169.jpg 300w, https:\/\/www.smartbamboo.es\/wp-content\/uploads\/2018\/06\/risto-768x432.jpg 768w, https:\/\/www.smartbamboo.es\/wp-content\/uploads\/2018\/06\/risto-1024x576.jpg 1024w, https:\/\/www.smartbamboo.es\/wp-content\/uploads\/2018\/06\/risto-260x146.jpg 260w, https:\/\/www.smartbamboo.es\/wp-content\/uploads\/2018\/06\/risto-50x28.jpg 50w, https:\/\/www.smartbamboo.es\/wp-content\/uploads\/2018\/06\/risto-250x140.jpg 250w, https:\/\/www.smartbamboo.es\/wp-content\/uploads\/2018\/06\/risto-1200x675.jpg 1200w\" sizes=\"(max-width:767px) 480px, (max-width:1024px) 100vw, 1024px\" \/><p id=\"caption-attachment-531\" class=\"wp-caption-text\">Risto Mejide atiende a los medios de comunicaci\u00f3n, antes de la ceremonia de entrega de premios.<\/p><\/div>\n<p><strong>Reus, 12 de junio de 2018. <\/strong>La <a href=\"http:\/\/www.gresol.org\">Fundaci\u00f3 Gresol<\/a> ha\u00a0entregado esta tarde los Premios Gaud\u00ed Gresol a la Notoriedad y la Excelencia, convertidos ya en todo un referente tras alcanzar este a\u00f1o su duod\u00e9cima edici\u00f3n. La Gala, que se ha celebrado en Tecnoparc de firaReus, ha contado, igual que en las \u00faltimas ediciones, con el apoyo del Ayuntamiento de Reus. La actriz y presentadora Ivana Mi\u00f1o ha ejercido como maestra de ceremonias del acto, que ha reunido a m\u00e1s de 400 personas. Dicha asistencia constituye una muestra m\u00e1s de la plena consolidaci\u00f3n y fuerte arraigo conseguido por los Premios Gaud\u00ed Gresol, que cada a\u00f1o sobresalen como una de las citas sociales m\u00e1s importantes de la provincia de Tarragona.<\/p>\n<p>La finalidad de estos galardones es la de reconocer la labor de personas, entidades u organismos que hayan destacado en diferentes disciplinas profesionales, como la cient\u00edfica, empresarial, audiovisual o medioambiental, entre otras. Este a\u00f1o la participaci\u00f3n, tanto en la ceremonia de entrega como en la cena solidaria posterior, ha vuelto a resultar todo un \u00e9xito, con una nutrida representaci\u00f3n de autoridades y colectivos de todos los \u00e1mbitos: pol\u00edtico, econ\u00f3mico-empresarial, educativo, administrativo, deportivo y social, en general. La Gala de los XII Premios Gaud\u00ed Gresol, en la que <a href=\"http:\/\/www.smartbamboo.es\">Bamboo Comunicaci\u00f3<\/a> presta servicios de refuerzo de las tareas de comunicaci\u00f3n de este importante evento, se ha desarrollado entre las 20 y las 23.30 horas. Previamente, todos los galardonados han tenido ocasi\u00f3n de firmar en el Libro de Oro de la Fundaci\u00f3n Gresol.<\/p>\n<p style=\"text-align: center;\"><strong>Los galardonados de 2018 han sido: <\/strong><\/p>\n<p style=\"text-align: center;\">Carme Pin\u00f3s (Arquitectura)<\/p>\n<p style=\"text-align: center;\">Mar\u00eda Blasco (Investigaci\u00f3n)<\/p>\n<p style=\"text-align: center;\">Ramon Gomis (Literatura)<\/p>\n<p style=\"text-align: center;\">Anna Veiga (Ciencia)<\/p>\n<p style=\"text-align: center;\"><a href=\"https:\/\/www.torres.es\/ca\/inici\">Mireia Torres<\/a> (Medio Ambiente)<\/p>\n<p style=\"text-align: center;\"><a href=\"http:\/\/www.carloslatre.com\/\">Carlos Latre<\/a> (Televisi\u00f3n)<\/p>\n<p style=\"text-align: center;\"><a href=\"https:\/\/es-es.facebook.com\/oscarcadiach\/\">\u00d2scar Cadiach<\/a> (Deportes)<\/p>\n<p style=\"text-align: center;\">Bel\u00e9n Fabra (Cine)<\/p>\n<p style=\"text-align: center;\">Rafael Matesanz (Medicina)<\/p>\n<p style=\"text-align: center;\"><a href=\"https:\/\/ristomejide.com\/\">Risto Mejide<\/a> (Publicidad)<\/p>\n<p>&nbsp;<\/p>\n<p><strong>Compromiso Solidario<\/strong><\/p>\n<p>La Fundaci\u00f3n Gresol efect\u00faa cada a\u00f1o una aportaci\u00f3n a un organismo u organizaci\u00f3n solidaria. En la presente edici\u00f3n de los Premios Gaud\u00ed Gresol la entidad elegida ha sido la Fundaci\u00f3n Bonanit de Tarragona, que desde 2006 centra sus esfuerzos en ayudar a las personas sin hogar. La Fundaci\u00f3n Bonanit, aparte de proporcionar un lugar para dormir, presta otras atenciones como las de comedor, higiene personal, lavado de ropa y servicio de consigna. Los beneficiarios son personas sin hogar que buscan trabajo o se hallan en condiciones de pobreza cronificada. Adem\u00e1s, la organizaci\u00f3n solidaria ofrece ayudas puntuales a familias en situaci\u00f3n de vulnerabilidad. La Fundaci\u00f3n Bonanit est\u00e1 presidida por Antoni Coll Gilabert, mientras que sus dos vicepresidencias son ejercidas por C\u00e1ritas Diocesana de Tarragona y la Fundaci\u00f3n Santa Tecla.<\/p>\n<p><strong>Personalidades asistentes<\/strong><\/p>\n<p>Todos los premiados han asistido a la Gala y han recogido personalmente el galard\u00f3n, que consiste en un busto de Gaud\u00ed del escultor Joan Matamala. Adem\u00e1s, han compartido velada con todos los asistentes, entre los cuales ha habido destacadas personalidades que han sido las encargadas de entregar cada distinci\u00f3n. Se trata del Sr. Carles Pellicer, alcalde de Reus; la Sra. Mar\u00eda Jos\u00e9 Figueras, rectora de la URV; el Sr. Josep Maria Tost, director de la Agencia de Residuos de Catalunya; el Sr. Josep Masdeu, vicepresidente segundo de la Diputaci\u00f3n de Tarragona; el Sr. Josep Andreu, quien apura sus \u00faltimos d\u00edas como presidente del Puerto de Tarragona; el Sr. Luis Herrero, subdirector general de Banco Santander; el Sr. Juli\u00e1n Moll\u00e1, presidente de la Fundaci\u00f3n Gresol; el Sr. Josep Ramon Correal, patr\u00f3n de la Fundaci\u00f3n Bonanit y consejero editorial del <a href=\"https:\/\/www.diaridetarragona.com\/\">Diari de Tarragona<\/a>; el Sr. Anton Pont, presidente de honor de la Fundaci\u00f3n Gresol, y el Sr. Alejandro Mart\u00ednez, presidente de Grant Thornton.<\/p>\n<p><strong>La Fundaci\u00f3n<\/strong><\/p>\n<p>La Fundaci\u00f3n Gresol es un espacio de intercambio de ideas, adem\u00e1s de una excelente plataforma que reconoce el esfuerzo y la excelencia de destacadas personalidades. La Fundaci\u00f3n se cre\u00f3 para formar y reforzar los v\u00ednculos existentes entre los empresarios del territorio, denominado hist\u00f3ricamente como Catalunya Nova, generando as\u00ed un valor a\u00f1adido a nuestras comarcas. Hoy en d\u00eda, la Fundaci\u00f3n se ha consolidado como un magn\u00edfico foro de encuentro y debate de los temas de actualidad con mayor incidencia en el mundo econ\u00f3mico, empresarial, pol\u00edtico y social. Agrupa a cerca de 150 empresarios que representan a las compa\u00f1\u00edas m\u00e1s importantes de la provincia de Tarragona. Despu\u00e9s de una larga trayectoria, la Fundaci\u00f3n Gresol se ha convertido en una reconocida tribuna de an\u00e1lisis para favorecer la proyecci\u00f3n de las iniciativas empresariales que se llevan a cabo en nuestro territorio.<\/p>\n","protected":false},"excerpt":{"rendered":"<p>M\u00e1s de 400 personas asisten a la Gala de la Fundaci\u00f3n Gresol, convertida en todo un referente tras alcanzar ya su duod\u00e9cima edici\u00f3n Bamboo refuerza las<span class=\"excerpt-hellip\"> [\u2026]<\/span><\/p>\n","protected":false},"author":2,"featured_media":507,"comment_status":"open","ping_status":"open","sticky":false,"template":"","format":"standard","meta":{"footnotes":""},"categories":[1],"tags":[13,62],"_links":{"self":[{"href":"https:\/\/www.smartbamboo.es\/es\/wp-json\/wp\/v2\/posts\/520"}],"collection":[{"href":"https:\/\/www.smartbamboo.es\/es\/wp-json\/wp\/v2\/posts"}],"about":[{"href":"https:\/\/www.smartbamboo.es\/es\/wp-json\/wp\/v2\/types\/post"}],"author":[{"embeddable":true,"href":"https:\/\/www.smartbamboo.es\/es\/wp-json\/wp\/v2\/users\/2"}],"replies":[{"embeddable":true,"href":"https:\/\/www.smartbamboo.es\/es\/wp-json\/wp\/v2\/comments?post=520"}],"version-history":[{"count":6,"href":"https:\/\/www.smartbamboo.es\/es\/wp-json\/wp\/v2\/posts\/520\/revisions"}],"predecessor-version":[{"id":534,"href":"https:\/\/www.smartbamboo.es\/es\/wp-json\/wp\/v2\/posts\/520\/revisions\/534"}],"wp:featuredmedia":[{"embeddable":true,"href":"https:\/\/www.smartbamboo.es\/es\/wp-json\/wp\/v2\/media\/507"}],"wp:attachment":[{"href":"https:\/\/www.smartbamboo.es\/es\/wp-json\/wp\/v2\/media?parent=520"}],"wp:term":[{"taxonomy":"category","embeddable":true,"href":"https:\/\/www.smartbamboo.es\/es\/wp-json\/wp\/v2\/categories?post=520"},{"taxonomy":"post_tag","embeddable":true,"href":"https:\/\/www.smartbamboo.es\/es\/wp-json\/wp\/v2\/tags?post=520"}],"curies":[{"name":"wp","href":"https:\/\/api.w.org\/{rel}","templated":true}]}}